{"id":7,"date":"2008-06-29T07:20:13","date_gmt":"2008-06-29T06:20:13","guid":{"rendered":"http:\/\/monachus-guardian.org\/wordpress\/?p=7"},"modified":"2018-09-12T15:19:43","modified_gmt":"2018-09-12T15:19:43","slug":"sighting-in-mallorca","status":"publish","type":"post","link":"https:\/\/monachus-guardian.org\/wordpress\/2008\/06\/29\/sighting-in-mallorca\/","title":{"rendered":"Sighting in Mallorca"},"content":{"rendered":"<p><img decoding=\"async\" class=\"alignright size-full wp-image-6\" title=\"5931e0c9-fd48-4759-88d9-533a05e0ee78.jpg\" src=\"http:\/\/monachus-guardian.org\/wordpress\/wp-content\/uploads\/2008\/06\/5931e0c9-fd48-4759-88d9-533a05e0ee78.jpg\" alt=\"5931e0c9-fd48-4759-88d9-533a05e0ee78.jpg\" width=\"270\" height=\"180\" \/>It was an exceptional event by any standards, yet even more so when one realises that the Mediterranean monk seal has been considered extinct in Spain and the Balearic Islands for more than half a century.<\/p>\n<p>In what may turn out to be a pivotal moment in the species&#8217; future recolonisation of the Balearics, a confirmed sighting of a single Mediterranean monk seal was made in the marine reserve of Isla del Toro, Mallorca, at 11.30 hrs on 15 June.<\/p>\n<p><!--more-->The sighting was made \u2013 and photographed \u2013 by a diver from Palma, Alvaro Gar\u00ed. This is the third such observation in recent weeks, though the only one to have been confirmed by photographic means.<\/p>\n<p>The monk seal has been extinct in the Balearic Islands since the 1950s. Scientists, conservationists and government officials are keen to see the return of the species, and have implemented various conservation measures to prepare for or encourage a return, including the establishment of protected areas and a range of educational and public outreach programmes [see <a href=\"http:\/\/www.monachus-guardian.org\/mguard21\/2111intnew.htm\">Reversible absence<\/a>, TMG 11 (1): June 2008].<\/p>\n<p>Experts are now travelling to the site to investigate the sighting further, and evaluate possible courses of action.<\/p>\n<p>With this individual likely to be a vagrant rather than a Balearic resident born and bred, speculation will doubtless focus on its origins (Algeria? Morocco? Sardinia?), as well as means of ensuring its protection.<\/p>\n<p>We shall be carrying further reports from Mallorca as soon as they become available.<\/p>\n<p><strong>Further info<br \/>\n<\/strong><br \/>\nUn equipo de buceadores fotograf\u00eda en Mallorca una foca que podr\u00eda ser monje, despu\u00e9s de 50 a\u00f1os. Libertad Balear, 18.06.2008.<em> no longer online<\/em><\/p>\n<p><a href=\"http:\/\/www.iberianature.com\/spainblog\/2008\/06\/17\/monk-seal-spotted-off-coast-of-mallorca\/\">Monk seal spotted off coast of Mallorca<\/a>. Iberia Nature, 17.06.2008.<\/p>\n<p><a href=\"http:\/\/www.elpais.com\/articulo\/sociedad\/extinta\/foca\/monje\/elpepusoc\/20080617elpepusoc_6\/Tes\">\u00bfEs esto una extinta foca monje?<\/a> El Pais, 17.06.2008.<\/p>\n","protected":false},"excerpt":{"rendered":"<p>It was an exceptional event by any standards, yet even more so when one realises that the Mediterranean monk seal has been considered extinct in Spain and the Balearic Islands for more than half a century. In what may turn out to be a pivotal moment in the species&#8217; future recolonisation of the Balearics, a &hellip; <\/p>\n<p class=\"link-more\"><a href=\"https:\/\/monachus-guardian.org\/wordpress\/2008\/06\/29\/sighting-in-mallorca\/\" class=\"more-link\">Continue reading<span class=\"screen-reader-text\"> &#8220;Sighting in Mallorca&#8221;<\/span><\/a><\/p>\n","protected":false},"author":3,"featured_media":0,"comment_status":"open","ping_status":"closed","sticky":false,"template":"","format":"standard","meta":{"footnotes":""},"categories":[1,53],"tags":[],"class_list":["post-7","post","type-post","status-publish","format-standard","hentry","category-med-monk-seal","category-spain"],"_links":{"self":[{"href":"https:\/\/monachus-guardian.org\/wordpress\/wp-json\/wp\/v2\/posts\/7","targetHints":{"allow":["GET"]}}],"collection":[{"href":"https:\/\/monachus-guardian.org\/wordpress\/wp-json\/wp\/v2\/posts"}],"about":[{"href":"https:\/\/monachus-guardian.org\/wordpress\/wp-json\/wp\/v2\/types\/post"}],"author":[{"embeddable":true,"href":"https:\/\/monachus-guardian.org\/wordpress\/wp-json\/wp\/v2\/users\/3"}],"replies":[{"embeddable":true,"href":"https:\/\/monachus-guardian.org\/wordpress\/wp-json\/wp\/v2\/comments?post=7"}],"version-history":[{"count":6,"href":"https:\/\/monachus-guardian.org\/wordpress\/wp-json\/wp\/v2\/posts\/7\/revisions"}],"predecessor-version":[{"id":3888,"href":"https:\/\/monachus-guardian.org\/wordpress\/wp-json\/wp\/v2\/posts\/7\/revisions\/3888"}],"wp:attachment":[{"href":"https:\/\/monachus-guardian.org\/wordpress\/wp-json\/wp\/v2\/media?parent=7"}],"wp:term":[{"taxonomy":"category","embeddable":true,"href":"https:\/\/monachus-guardian.org\/wordpress\/wp-json\/wp\/v2\/categories?post=7"},{"taxonomy":"post_tag","embeddable":true,"href":"https:\/\/monachus-guardian.org\/wordpress\/wp-json\/wp\/v2\/tags?post=7"}],"curies":[{"name":"wp","href":"https:\/\/api.w.org\/{rel}","templated":true}]}}